{"id":757,"date":"2022-02-22T14:16:50","date_gmt":"2022-02-22T13:16:50","guid":{"rendered":"https:\/\/www.poledance-angouleme.fr\/?p=757"},"modified":"2022-05-17T12:51:51","modified_gmt":"2022-05-17T10:51:51","slug":"demo-des-eleves-le-samedi-11-juin-des-19h","status":"publish","type":"post","link":"https:\/\/www.poledance-angouleme.fr\/en\/demo-des-eleves-le-samedi-11-juin-des-19h\/","title":{"rendered":"D\u00e9mo des \u00e9l\u00e8ves le samedi 11 juin d\u00e8s 20h !"},"content":{"rendered":"<div class=\"wp-block-media-text alignwide is-stacked-on-mobile\" style=\"grid-template-columns:35% auto\"><figure class=\"wp-block-media-text__media\"><img loading=\"lazy\" decoding=\"async\" width=\"613\" height=\"342\" src=\"https:\/\/www.poledance-angouleme.fr\/wp-content\/uploads\/2022\/02\/showtime-1.jpg\" alt=\"\" class=\"wp-image-759 size-full\" srcset=\"https:\/\/www.poledance-angouleme.fr\/wp-content\/uploads\/2022\/02\/showtime-1.jpg 613w, https:\/\/www.poledance-angouleme.fr\/wp-content\/uploads\/2022\/02\/showtime-1-300x167.jpg 300w, https:\/\/www.poledance-angouleme.fr\/wp-content\/uploads\/2022\/02\/showtime-1-18x10.jpg 18w\" sizes=\"(max-width: 613px) 100vw, 613px\" \/><\/figure><div class=\"wp-block-media-text__content\">\n<p class=\"has-large-font-size\">Vous l&rsquo;attendiez avec impatience&#8230;<\/p>\n<\/div><\/div>\n\n\n\n<p>La premi\u00e8re d\u00e9mo des \u00e9l\u00e8ves de Vertical Fit Angoul\u00eame se tiendra le samedi 11 juin 2022 d\u00e8s 20h !<\/p>\n\n\n\n<p>Si tu es \u00e9l\u00e8ves de la salle, une fiche d&rsquo;inscription t&rsquo;attend \u00e0 la salle !<br>Tu devras la remplir au plus tard le mercredi 11 mai !<br>C&rsquo;est gratuit bien s\u00fbr ! Et n&rsquo;oublie d&rsquo;inviter tous tes proches pour qu&rsquo;ils viennent d\u00e9couvrir nos belles disciplines !<br>Tu peux faire ce qu&rsquo;il te plait \u00e0 la pole ou au cerceau (ou les 2 !).<\/p>","protected":false},"excerpt":{"rendered":"<p>Vous l&rsquo;attendiez avec impatience&#8230; La premi\u00e8re d\u00e9mo des \u00e9l\u00e8ves de Vertical Fit Angoul\u00eame se tiendra le samedi 11 juin 2022 d\u00e8s 20h ! Si tu es \u00e9l\u00e8ves de la salle, une fiche d&rsquo;inscription t&rsquo;attend \u00e0 la salle !Tu devras la remplir au plus tard le mercredi 11 mai !C&rsquo;est gratuit bien s\u00fbr ! Et n&rsquo;oublie [&hellip;]<\/p>","protected":false},"author":1,"featured_media":759,"comment_status":"closed","ping_status":"closed","sticky":false,"template":"","format":"standard","meta":{"sfsi_plus_gutenberg_text_before_share":"","sfsi_plus_gutenberg_show_text_before_share":"","sfsi_plus_gutenberg_icon_type":"","sfsi_plus_gutenberg_icon_alignemt":"","sfsi_plus_gutenburg_max_per_row":"","_exactmetrics_skip_tracking":false,"_exactmetrics_sitenote_active":false,"_exactmetrics_sitenote_note":"","_exactmetrics_sitenote_category":0,"footnotes":""},"categories":[1],"tags":[],"yoast_head":"<!-- This site is optimized with the Yoast SEO plugin v22.3 - https:\/\/yoast.com\/wordpress\/plugins\/seo\/ -->\n<title>D\u00e9mo des \u00e9l\u00e8ves le samedi 11 juin d\u00e8s 20h ! - Vertical Fit - Pole dance \u00e0 Angoul\u00eame<\/title>\n<meta name=\"robots\" content=\"index, follow, max-snippet:-1, max-image-preview:large, max-video-preview:-1\" \/>\n<link rel=\"canonical\" href=\"https:\/\/www.poledance-angouleme.fr\/en\/demo-des-eleves-le-samedi-11-juin-des-19h\/\" \/>\n<meta property=\"og:locale\" content=\"en_US\" \/>\n<meta property=\"og:type\" content=\"article\" \/>\n<meta property=\"og:title\" content=\"D\u00e9mo des \u00e9l\u00e8ves le samedi 11 juin d\u00e8s 20h ! - Vertical Fit - Pole dance \u00e0 Angoul\u00eame\" \/>\n<meta property=\"og:description\" content=\"Vous l&rsquo;attendiez avec impatience&#8230; La premi\u00e8re d\u00e9mo des \u00e9l\u00e8ves de Vertical Fit Angoul\u00eame se tiendra le samedi 11 juin 2022 d\u00e8s 20h ! Si tu es \u00e9l\u00e8ves de la salle, une fiche d&rsquo;inscription t&rsquo;attend \u00e0 la salle !Tu devras la remplir au plus tard le mercredi 11 mai !C&rsquo;est gratuit bien s\u00fbr ! Et n&rsquo;oublie [&hellip;]\" \/>\n<meta property=\"og:url\" content=\"https:\/\/www.poledance-angouleme.fr\/en\/demo-des-eleves-le-samedi-11-juin-des-19h\/\" \/>\n<meta property=\"og:site_name\" content=\"Vertical Fit - Pole dance \u00e0 Angoul\u00eame\" \/>\n<meta property=\"article:published_time\" content=\"2022-02-22T13:16:50+00:00\" \/>\n<meta property=\"article:modified_time\" content=\"2022-05-17T10:51:51+00:00\" \/>\n<meta property=\"og:image\" content=\"https:\/\/www.poledance-angouleme.fr\/wp-content\/uploads\/2022\/02\/showtime-1.jpg\" \/>\n\t<meta property=\"og:image:width\" content=\"613\" \/>\n\t<meta property=\"og:image:height\" content=\"342\" \/>\n\t<meta property=\"og:image:type\" content=\"image\/jpeg\" \/>\n<meta name=\"author\" content=\"verticalfit\" \/>\n<meta name=\"twitter:label1\" content=\"Written by\" \/>\n\t<meta name=\"twitter:data1\" content=\"verticalfit\" \/>\n\t<meta name=\"twitter:label2\" content=\"Est. reading time\" \/>\n\t<meta name=\"twitter:data2\" content=\"1 minute\" \/>\n<script type=\"application\/ld+json\" class=\"yoast-schema-graph\">{\"@context\":\"https:\/\/schema.org\",\"@graph\":[{\"@type\":\"Article\",\"@id\":\"https:\/\/www.poledance-angouleme.fr\/demo-des-eleves-le-samedi-11-juin-des-19h\/#article\",\"isPartOf\":{\"@id\":\"https:\/\/www.poledance-angouleme.fr\/demo-des-eleves-le-samedi-11-juin-des-19h\/\"},\"author\":{\"name\":\"verticalfit\",\"@id\":\"https:\/\/www.poledance-angouleme.fr\/#\/schema\/person\/6385d72cc6722a20201db2cece51f5a2\"},\"headline\":\"D\u00e9mo des \u00e9l\u00e8ves le samedi 11 juin d\u00e8s 20h !\",\"datePublished\":\"2022-02-22T13:16:50+00:00\",\"dateModified\":\"2022-05-17T10:51:51+00:00\",\"mainEntityOfPage\":{\"@id\":\"https:\/\/www.poledance-angouleme.fr\/demo-des-eleves-le-samedi-11-juin-des-19h\/\"},\"wordCount\":101,\"publisher\":{\"@id\":\"https:\/\/www.poledance-angouleme.fr\/#organization\"},\"image\":{\"@id\":\"https:\/\/www.poledance-angouleme.fr\/demo-des-eleves-le-samedi-11-juin-des-19h\/#primaryimage\"},\"thumbnailUrl\":\"https:\/\/www.poledance-angouleme.fr\/wp-content\/uploads\/2022\/02\/showtime-1.jpg\",\"articleSection\":[\"Non class\u00e9\"],\"inLanguage\":\"en-US\"},{\"@type\":\"WebPage\",\"@id\":\"https:\/\/www.poledance-angouleme.fr\/demo-des-eleves-le-samedi-11-juin-des-19h\/\",\"url\":\"https:\/\/www.poledance-angouleme.fr\/demo-des-eleves-le-samedi-11-juin-des-19h\/\",\"name\":\"D\u00e9mo des \u00e9l\u00e8ves le samedi 11 juin d\u00e8s 20h ! - Vertical Fit - Pole dance \u00e0 Angoul\u00eame\",\"isPartOf\":{\"@id\":\"https:\/\/www.poledance-angouleme.fr\/#website\"},\"primaryImageOfPage\":{\"@id\":\"https:\/\/www.poledance-angouleme.fr\/demo-des-eleves-le-samedi-11-juin-des-19h\/#primaryimage\"},\"image\":{\"@id\":\"https:\/\/www.poledance-angouleme.fr\/demo-des-eleves-le-samedi-11-juin-des-19h\/#primaryimage\"},\"thumbnailUrl\":\"https:\/\/www.poledance-angouleme.fr\/wp-content\/uploads\/2022\/02\/showtime-1.jpg\",\"datePublished\":\"2022-02-22T13:16:50+00:00\",\"dateModified\":\"2022-05-17T10:51:51+00:00\",\"breadcrumb\":{\"@id\":\"https:\/\/www.poledance-angouleme.fr\/demo-des-eleves-le-samedi-11-juin-des-19h\/#breadcrumb\"},\"inLanguage\":\"en-US\",\"potentialAction\":[{\"@type\":\"ReadAction\",\"target\":[\"https:\/\/www.poledance-angouleme.fr\/demo-des-eleves-le-samedi-11-juin-des-19h\/\"]}]},{\"@type\":\"ImageObject\",\"inLanguage\":\"en-US\",\"@id\":\"https:\/\/www.poledance-angouleme.fr\/demo-des-eleves-le-samedi-11-juin-des-19h\/#primaryimage\",\"url\":\"https:\/\/www.poledance-angouleme.fr\/wp-content\/uploads\/2022\/02\/showtime-1.jpg\",\"contentUrl\":\"https:\/\/www.poledance-angouleme.fr\/wp-content\/uploads\/2022\/02\/showtime-1.jpg\",\"width\":613,\"height\":342,\"caption\":\"D\u00e9mo des \u00e9l\u00e8ves - pole dance Vertical Fit Angoul\u00eame\"},{\"@type\":\"BreadcrumbList\",\"@id\":\"https:\/\/www.poledance-angouleme.fr\/demo-des-eleves-le-samedi-11-juin-des-19h\/#breadcrumb\",\"itemListElement\":[{\"@type\":\"ListItem\",\"position\":1,\"name\":\"Accueil\",\"item\":\"https:\/\/www.poledance-angouleme.fr\/\"},{\"@type\":\"ListItem\",\"position\":2,\"name\":\"D\u00e9mo des \u00e9l\u00e8ves le samedi 11 juin d\u00e8s 20h !\"}]},{\"@type\":\"WebSite\",\"@id\":\"https:\/\/www.poledance-angouleme.fr\/#website\",\"url\":\"https:\/\/www.poledance-angouleme.fr\/\",\"name\":\"Vertical Fit - Pole dance \u00e0 Angoul\u00eame\",\"description\":\"Pole dance et pole fitness \u00e0 Angoul\u00eame en Charente\",\"publisher\":{\"@id\":\"https:\/\/www.poledance-angouleme.fr\/#organization\"},\"potentialAction\":[{\"@type\":\"SearchAction\",\"target\":{\"@type\":\"EntryPoint\",\"urlTemplate\":\"https:\/\/www.poledance-angouleme.fr\/?s={search_term_string}\"},\"query-input\":\"required name=search_term_string\"}],\"inLanguage\":\"en-US\"},{\"@type\":\"Organization\",\"@id\":\"https:\/\/www.poledance-angouleme.fr\/#organization\",\"name\":\"Vertical Fit - Pole dance \u00e0 Angoul\u00eame\",\"url\":\"https:\/\/www.poledance-angouleme.fr\/\",\"logo\":{\"@type\":\"ImageObject\",\"inLanguage\":\"en-US\",\"@id\":\"https:\/\/www.poledance-angouleme.fr\/#\/schema\/logo\/image\/\",\"url\":\"https:\/\/www.poledance-angouleme.fr\/wp-content\/uploads\/2018\/05\/cropped-logolong-verticalfit-poledance-stjunien.png\",\"contentUrl\":\"https:\/\/www.poledance-angouleme.fr\/wp-content\/uploads\/2018\/05\/cropped-logolong-verticalfit-poledance-stjunien.png\",\"width\":364,\"height\":75,\"caption\":\"Vertical Fit - Pole dance \u00e0 Angoul\u00eame\"},\"image\":{\"@id\":\"https:\/\/www.poledance-angouleme.fr\/#\/schema\/logo\/image\/\"}},{\"@type\":\"Person\",\"@id\":\"https:\/\/www.poledance-angouleme.fr\/#\/schema\/person\/6385d72cc6722a20201db2cece51f5a2\",\"name\":\"verticalfit\",\"image\":{\"@type\":\"ImageObject\",\"inLanguage\":\"en-US\",\"@id\":\"https:\/\/www.poledance-angouleme.fr\/#\/schema\/person\/image\/\",\"url\":\"https:\/\/secure.gravatar.com\/avatar\/53ebb03732a24132f7489349b11c2b98?s=96&d=mm&r=g\",\"contentUrl\":\"https:\/\/secure.gravatar.com\/avatar\/53ebb03732a24132f7489349b11c2b98?s=96&d=mm&r=g\",\"caption\":\"verticalfit\"},\"url\":\"https:\/\/www.poledance-angouleme.fr\/en\/author\/verticalfit\/\"}]}<\/script>\n<!-- \/ Yoast SEO plugin. -->","yoast_head_json":{"title":"D\u00e9mo des \u00e9l\u00e8ves le samedi 11 juin d\u00e8s 20h ! - Vertical Fit - Pole dance \u00e0 Angoul\u00eame","robots":{"index":"index","follow":"follow","max-snippet":"max-snippet:-1","max-image-preview":"max-image-preview:large","max-video-preview":"max-video-preview:-1"},"canonical":"https:\/\/www.poledance-angouleme.fr\/en\/demo-des-eleves-le-samedi-11-juin-des-19h\/","og_locale":"en_US","og_type":"article","og_title":"D\u00e9mo des \u00e9l\u00e8ves le samedi 11 juin d\u00e8s 20h ! - Vertical Fit - Pole dance \u00e0 Angoul\u00eame","og_description":"Vous l&rsquo;attendiez avec impatience&#8230; La premi\u00e8re d\u00e9mo des \u00e9l\u00e8ves de Vertical Fit Angoul\u00eame se tiendra le samedi 11 juin 2022 d\u00e8s 20h ! Si tu es \u00e9l\u00e8ves de la salle, une fiche d&rsquo;inscription t&rsquo;attend \u00e0 la salle !Tu devras la remplir au plus tard le mercredi 11 mai !C&rsquo;est gratuit bien s\u00fbr ! Et n&rsquo;oublie [&hellip;]","og_url":"https:\/\/www.poledance-angouleme.fr\/en\/demo-des-eleves-le-samedi-11-juin-des-19h\/","og_site_name":"Vertical Fit - Pole dance \u00e0 Angoul\u00eame","article_published_time":"2022-02-22T13:16:50+00:00","article_modified_time":"2022-05-17T10:51:51+00:00","og_image":[{"width":613,"height":342,"url":"https:\/\/www.poledance-angouleme.fr\/wp-content\/uploads\/2022\/02\/showtime-1.jpg","type":"image\/jpeg"}],"author":"verticalfit","twitter_misc":{"Written by":"verticalfit","Est. reading time":"1 minute"},"schema":{"@context":"https:\/\/schema.org","@graph":[{"@type":"Article","@id":"https:\/\/www.poledance-angouleme.fr\/demo-des-eleves-le-samedi-11-juin-des-19h\/#article","isPartOf":{"@id":"https:\/\/www.poledance-angouleme.fr\/demo-des-eleves-le-samedi-11-juin-des-19h\/"},"author":{"name":"verticalfit","@id":"https:\/\/www.poledance-angouleme.fr\/#\/schema\/person\/6385d72cc6722a20201db2cece51f5a2"},"headline":"D\u00e9mo des \u00e9l\u00e8ves le samedi 11 juin d\u00e8s 20h !","datePublished":"2022-02-22T13:16:50+00:00","dateModified":"2022-05-17T10:51:51+00:00","mainEntityOfPage":{"@id":"https:\/\/www.poledance-angouleme.fr\/demo-des-eleves-le-samedi-11-juin-des-19h\/"},"wordCount":101,"publisher":{"@id":"https:\/\/www.poledance-angouleme.fr\/#organization"},"image":{"@id":"https:\/\/www.poledance-angouleme.fr\/demo-des-eleves-le-samedi-11-juin-des-19h\/#primaryimage"},"thumbnailUrl":"https:\/\/www.poledance-angouleme.fr\/wp-content\/uploads\/2022\/02\/showtime-1.jpg","articleSection":["Non class\u00e9"],"inLanguage":"en-US"},{"@type":"WebPage","@id":"https:\/\/www.poledance-angouleme.fr\/demo-des-eleves-le-samedi-11-juin-des-19h\/","url":"https:\/\/www.poledance-angouleme.fr\/demo-des-eleves-le-samedi-11-juin-des-19h\/","name":"D\u00e9mo des \u00e9l\u00e8ves le samedi 11 juin d\u00e8s 20h ! - Vertical Fit - Pole dance \u00e0 Angoul\u00eame","isPartOf":{"@id":"https:\/\/www.poledance-angouleme.fr\/#website"},"primaryImageOfPage":{"@id":"https:\/\/www.poledance-angouleme.fr\/demo-des-eleves-le-samedi-11-juin-des-19h\/#primaryimage"},"image":{"@id":"https:\/\/www.poledance-angouleme.fr\/demo-des-eleves-le-samedi-11-juin-des-19h\/#primaryimage"},"thumbnailUrl":"https:\/\/www.poledance-angouleme.fr\/wp-content\/uploads\/2022\/02\/showtime-1.jpg","datePublished":"2022-02-22T13:16:50+00:00","dateModified":"2022-05-17T10:51:51+00:00","breadcrumb":{"@id":"https:\/\/www.poledance-angouleme.fr\/demo-des-eleves-le-samedi-11-juin-des-19h\/#breadcrumb"},"inLanguage":"en-US","potentialAction":[{"@type":"ReadAction","target":["https:\/\/www.poledance-angouleme.fr\/demo-des-eleves-le-samedi-11-juin-des-19h\/"]}]},{"@type":"ImageObject","inLanguage":"en-US","@id":"https:\/\/www.poledance-angouleme.fr\/demo-des-eleves-le-samedi-11-juin-des-19h\/#primaryimage","url":"https:\/\/www.poledance-angouleme.fr\/wp-content\/uploads\/2022\/02\/showtime-1.jpg","contentUrl":"https:\/\/www.poledance-angouleme.fr\/wp-content\/uploads\/2022\/02\/showtime-1.jpg","width":613,"height":342,"caption":"D\u00e9mo des \u00e9l\u00e8ves - pole dance Vertical Fit Angoul\u00eame"},{"@type":"BreadcrumbList","@id":"https:\/\/www.poledance-angouleme.fr\/demo-des-eleves-le-samedi-11-juin-des-19h\/#breadcrumb","itemListElement":[{"@type":"ListItem","position":1,"name":"Accueil","item":"https:\/\/www.poledance-angouleme.fr\/"},{"@type":"ListItem","position":2,"name":"D\u00e9mo des \u00e9l\u00e8ves le samedi 11 juin d\u00e8s 20h !"}]},{"@type":"WebSite","@id":"https:\/\/www.poledance-angouleme.fr\/#website","url":"https:\/\/www.poledance-angouleme.fr\/","name":"Vertical Fit - Pole dance \u00e0 Angoul\u00eame","description":"Pole dance et pole fitness \u00e0 Angoul\u00eame en Charente","publisher":{"@id":"https:\/\/www.poledance-angouleme.fr\/#organization"},"potentialAction":[{"@type":"SearchAction","target":{"@type":"EntryPoint","urlTemplate":"https:\/\/www.poledance-angouleme.fr\/?s={search_term_string}"},"query-input":"required name=search_term_string"}],"inLanguage":"en-US"},{"@type":"Organization","@id":"https:\/\/www.poledance-angouleme.fr\/#organization","name":"Vertical Fit - Pole dance \u00e0 Angoul\u00eame","url":"https:\/\/www.poledance-angouleme.fr\/","logo":{"@type":"ImageObject","inLanguage":"en-US","@id":"https:\/\/www.poledance-angouleme.fr\/#\/schema\/logo\/image\/","url":"https:\/\/www.poledance-angouleme.fr\/wp-content\/uploads\/2018\/05\/cropped-logolong-verticalfit-poledance-stjunien.png","contentUrl":"https:\/\/www.poledance-angouleme.fr\/wp-content\/uploads\/2018\/05\/cropped-logolong-verticalfit-poledance-stjunien.png","width":364,"height":75,"caption":"Vertical Fit - Pole dance \u00e0 Angoul\u00eame"},"image":{"@id":"https:\/\/www.poledance-angouleme.fr\/#\/schema\/logo\/image\/"}},{"@type":"Person","@id":"https:\/\/www.poledance-angouleme.fr\/#\/schema\/person\/6385d72cc6722a20201db2cece51f5a2","name":"verticalfit","image":{"@type":"ImageObject","inLanguage":"en-US","@id":"https:\/\/www.poledance-angouleme.fr\/#\/schema\/person\/image\/","url":"https:\/\/secure.gravatar.com\/avatar\/53ebb03732a24132f7489349b11c2b98?s=96&d=mm&r=g","contentUrl":"https:\/\/secure.gravatar.com\/avatar\/53ebb03732a24132f7489349b11c2b98?s=96&d=mm&r=g","caption":"verticalfit"},"url":"https:\/\/www.poledance-angouleme.fr\/en\/author\/verticalfit\/"}]}},"_links":{"self":[{"href":"https:\/\/www.poledance-angouleme.fr\/en\/wp-json\/wp\/v2\/posts\/757"}],"collection":[{"href":"https:\/\/www.poledance-angouleme.fr\/en\/wp-json\/wp\/v2\/posts"}],"about":[{"href":"https:\/\/www.poledance-angouleme.fr\/en\/wp-json\/wp\/v2\/types\/post"}],"author":[{"embeddable":true,"href":"https:\/\/www.poledance-angouleme.fr\/en\/wp-json\/wp\/v2\/users\/1"}],"replies":[{"embeddable":true,"href":"https:\/\/www.poledance-angouleme.fr\/en\/wp-json\/wp\/v2\/comments?post=757"}],"version-history":[{"count":2,"href":"https:\/\/www.poledance-angouleme.fr\/en\/wp-json\/wp\/v2\/posts\/757\/revisions"}],"predecessor-version":[{"id":848,"href":"https:\/\/www.poledance-angouleme.fr\/en\/wp-json\/wp\/v2\/posts\/757\/revisions\/848"}],"wp:featuredmedia":[{"embeddable":true,"href":"https:\/\/www.poledance-angouleme.fr\/en\/wp-json\/wp\/v2\/media\/759"}],"wp:attachment":[{"href":"https:\/\/www.poledance-angouleme.fr\/en\/wp-json\/wp\/v2\/media?parent=757"}],"wp:term":[{"taxonomy":"category","embeddable":true,"href":"https:\/\/www.poledance-angouleme.fr\/en\/wp-json\/wp\/v2\/categories?post=757"},{"taxonomy":"post_tag","embeddable":true,"href":"https:\/\/www.poledance-angouleme.fr\/en\/wp-json\/wp\/v2\/tags?post=757"}],"curies":[{"name":"wp","href":"https:\/\/api.w.org\/{rel}","templated":true}]}}