{"id":849,"date":"2022-06-29T10:59:44","date_gmt":"2022-06-29T08:59:44","guid":{"rendered":"https:\/\/www.poledance-angouleme.fr\/?p=849"},"modified":"2022-06-29T10:59:46","modified_gmt":"2022-06-29T08:59:46","slug":"le-planning-de-juillet-est-en-ligne","status":"publish","type":"post","link":"https:\/\/www.poledance-angouleme.fr\/en\/le-planning-de-juillet-est-en-ligne\/","title":{"rendered":"Le planning de juillet est en ligne !"},"content":{"rendered":"<p>L&rsquo;\u00e9cole sera ouverte tout l&rsquo;\u00e9t\u00e9 avec des am\u00e9nagements d&rsquo;horaires !<\/p>\n\n\n\n<p>- <a target=\"_blank\" href=\"https:\/\/resafit.vertical-fit.fr\/4\/cours\/index\" rel=\"noreferrer noopener\"><u>planning de juillet<\/u><\/a> a \u00e9t\u00e9 mis en ligne !<\/p>\n\n\n\n<p>Je serai en vacances du 10 juillet au 7 ao\u00fbt ! Pendant ce temps, Oc\u00e9ane vous concocte un programme aux petits oignons !<br>A mon retour, vos cartes en cours de validit\u00e9 au 10\/07 seront prolong\u00e9es d&rsquo;un mois !<\/p>\n\n\n\n<p><strong>Attention<\/strong> : je vous rappelle que si nous n&rsquo;avons pas au moins 4 inscrits par cr\u00e9neau horaire, le cours est annul\u00e9 ! La d\u00e9cision d&rsquo;annuler le cours est prise en d\u00e9but d&rsquo;apr\u00e8s-midi, donc n&rsquo;attendez pas la derni\u00e8re minute pour vous inscrire !<\/p>","protected":false},"excerpt":{"rendered":"<p>L&rsquo;\u00e9cole sera ouverte tout l&rsquo;\u00e9t\u00e9 avec des am\u00e9nagements d&rsquo;horaires ! Le planning de juillet a \u00e9t\u00e9 mis en ligne ! Je serai en vacances du 10 juillet au 7 ao\u00fbt ! Pendant ce temps, Oc\u00e9ane vous concocte un programme aux petits oignons !A mon retour, vos cartes en cours de validit\u00e9 au 10\/07 seront prolong\u00e9es [&hellip;]<\/p>","protected":false},"author":1,"featured_media":0,"comment_status":"closed","ping_status":"closed","sticky":false,"template":"","format":"standard","meta":{"sfsi_plus_gutenberg_text_before_share":"","sfsi_plus_gutenberg_show_text_before_share":"","sfsi_plus_gutenberg_icon_type":"","sfsi_plus_gutenberg_icon_alignemt":"","sfsi_plus_gutenburg_max_per_row":"","_exactmetrics_skip_tracking":false,"_exactmetrics_sitenote_active":false,"_exactmetrics_sitenote_note":"","_exactmetrics_sitenote_category":0,"footnotes":""},"categories":[1],"tags":[],"yoast_head":"<!-- This site is optimized with the Yoast SEO plugin v22.3 - https:\/\/yoast.com\/wordpress\/plugins\/seo\/ -->\n<title>Le planning de juillet est en ligne ! - Vertical Fit - Pole dance \u00e0 Angoul\u00eame<\/title>\n<meta name=\"robots\" content=\"index, follow, max-snippet:-1, max-image-preview:large, max-video-preview:-1\" \/>\n<link rel=\"canonical\" href=\"https:\/\/www.poledance-angouleme.fr\/en\/le-planning-de-juillet-est-en-ligne\/\" \/>\n<meta property=\"og:locale\" content=\"en_US\" \/>\n<meta property=\"og:type\" content=\"article\" \/>\n<meta property=\"og:title\" content=\"Le planning de juillet est en ligne ! - Vertical Fit - Pole dance \u00e0 Angoul\u00eame\" \/>\n<meta property=\"og:description\" content=\"L&rsquo;\u00e9cole sera ouverte tout l&rsquo;\u00e9t\u00e9 avec des am\u00e9nagements d&rsquo;horaires ! Le planning de juillet a \u00e9t\u00e9 mis en ligne ! Je serai en vacances du 10 juillet au 7 ao\u00fbt ! Pendant ce temps, Oc\u00e9ane vous concocte un programme aux petits oignons !A mon retour, vos cartes en cours de validit\u00e9 au 10\/07 seront prolong\u00e9es [&hellip;]\" \/>\n<meta property=\"og:url\" content=\"https:\/\/www.poledance-angouleme.fr\/en\/le-planning-de-juillet-est-en-ligne\/\" \/>\n<meta property=\"og:site_name\" content=\"Vertical Fit - Pole dance \u00e0 Angoul\u00eame\" \/>\n<meta property=\"article:published_time\" content=\"2022-06-29T08:59:44+00:00\" \/>\n<meta property=\"article:modified_time\" content=\"2022-06-29T08:59:46+00:00\" \/>\n<meta name=\"author\" content=\"verticalfit\" \/>\n<meta name=\"twitter:label1\" content=\"Written by\" \/>\n\t<meta name=\"twitter:data1\" content=\"verticalfit\" \/>\n\t<meta name=\"twitter:label2\" content=\"Est. reading time\" \/>\n\t<meta name=\"twitter:data2\" content=\"1 minute\" \/>\n<script type=\"application\/ld+json\" class=\"yoast-schema-graph\">{\"@context\":\"https:\/\/schema.org\",\"@graph\":[{\"@type\":\"Article\",\"@id\":\"https:\/\/www.poledance-angouleme.fr\/le-planning-de-juillet-est-en-ligne\/#article\",\"isPartOf\":{\"@id\":\"https:\/\/www.poledance-angouleme.fr\/le-planning-de-juillet-est-en-ligne\/\"},\"author\":{\"name\":\"verticalfit\",\"@id\":\"https:\/\/www.poledance-angouleme.fr\/#\/schema\/person\/6385d72cc6722a20201db2cece51f5a2\"},\"headline\":\"Le planning de juillet est en ligne !\",\"datePublished\":\"2022-06-29T08:59:44+00:00\",\"dateModified\":\"2022-06-29T08:59:46+00:00\",\"mainEntityOfPage\":{\"@id\":\"https:\/\/www.poledance-angouleme.fr\/le-planning-de-juillet-est-en-ligne\/\"},\"wordCount\":113,\"publisher\":{\"@id\":\"https:\/\/www.poledance-angouleme.fr\/#organization\"},\"articleSection\":[\"Non class\u00e9\"],\"inLanguage\":\"en-US\"},{\"@type\":\"WebPage\",\"@id\":\"https:\/\/www.poledance-angouleme.fr\/le-planning-de-juillet-est-en-ligne\/\",\"url\":\"https:\/\/www.poledance-angouleme.fr\/le-planning-de-juillet-est-en-ligne\/\",\"name\":\"Le planning de juillet est en ligne ! - Vertical Fit - Pole dance \u00e0 Angoul\u00eame\",\"isPartOf\":{\"@id\":\"https:\/\/www.poledance-angouleme.fr\/#website\"},\"datePublished\":\"2022-06-29T08:59:44+00:00\",\"dateModified\":\"2022-06-29T08:59:46+00:00\",\"breadcrumb\":{\"@id\":\"https:\/\/www.poledance-angouleme.fr\/le-planning-de-juillet-est-en-ligne\/#breadcrumb\"},\"inLanguage\":\"en-US\",\"potentialAction\":[{\"@type\":\"ReadAction\",\"target\":[\"https:\/\/www.poledance-angouleme.fr\/le-planning-de-juillet-est-en-ligne\/\"]}]},{\"@type\":\"BreadcrumbList\",\"@id\":\"https:\/\/www.poledance-angouleme.fr\/le-planning-de-juillet-est-en-ligne\/#breadcrumb\",\"itemListElement\":[{\"@type\":\"ListItem\",\"position\":1,\"name\":\"Accueil\",\"item\":\"https:\/\/www.poledance-angouleme.fr\/\"},{\"@type\":\"ListItem\",\"position\":2,\"name\":\"Le planning de juillet est en ligne !\"}]},{\"@type\":\"WebSite\",\"@id\":\"https:\/\/www.poledance-angouleme.fr\/#website\",\"url\":\"https:\/\/www.poledance-angouleme.fr\/\",\"name\":\"Vertical Fit - Pole dance \u00e0 Angoul\u00eame\",\"description\":\"Pole dance et pole fitness \u00e0 Angoul\u00eame en Charente\",\"publisher\":{\"@id\":\"https:\/\/www.poledance-angouleme.fr\/#organization\"},\"potentialAction\":[{\"@type\":\"SearchAction\",\"target\":{\"@type\":\"EntryPoint\",\"urlTemplate\":\"https:\/\/www.poledance-angouleme.fr\/?s={search_term_string}\"},\"query-input\":\"required name=search_term_string\"}],\"inLanguage\":\"en-US\"},{\"@type\":\"Organization\",\"@id\":\"https:\/\/www.poledance-angouleme.fr\/#organization\",\"name\":\"Vertical Fit - Pole dance \u00e0 Angoul\u00eame\",\"url\":\"https:\/\/www.poledance-angouleme.fr\/\",\"logo\":{\"@type\":\"ImageObject\",\"inLanguage\":\"en-US\",\"@id\":\"https:\/\/www.poledance-angouleme.fr\/#\/schema\/logo\/image\/\",\"url\":\"https:\/\/www.poledance-angouleme.fr\/wp-content\/uploads\/2018\/05\/cropped-logolong-verticalfit-poledance-stjunien.png\",\"contentUrl\":\"https:\/\/www.poledance-angouleme.fr\/wp-content\/uploads\/2018\/05\/cropped-logolong-verticalfit-poledance-stjunien.png\",\"width\":364,\"height\":75,\"caption\":\"Vertical Fit - Pole dance \u00e0 Angoul\u00eame\"},\"image\":{\"@id\":\"https:\/\/www.poledance-angouleme.fr\/#\/schema\/logo\/image\/\"}},{\"@type\":\"Person\",\"@id\":\"https:\/\/www.poledance-angouleme.fr\/#\/schema\/person\/6385d72cc6722a20201db2cece51f5a2\",\"name\":\"verticalfit\",\"image\":{\"@type\":\"ImageObject\",\"inLanguage\":\"en-US\",\"@id\":\"https:\/\/www.poledance-angouleme.fr\/#\/schema\/person\/image\/\",\"url\":\"https:\/\/secure.gravatar.com\/avatar\/53ebb03732a24132f7489349b11c2b98?s=96&d=mm&r=g\",\"contentUrl\":\"https:\/\/secure.gravatar.com\/avatar\/53ebb03732a24132f7489349b11c2b98?s=96&d=mm&r=g\",\"caption\":\"verticalfit\"},\"url\":\"https:\/\/www.poledance-angouleme.fr\/en\/author\/verticalfit\/\"}]}<\/script>\n<!-- \/ Yoast SEO plugin. -->","yoast_head_json":{"title":"Le planning de juillet est en ligne ! - Vertical Fit - Pole dance \u00e0 Angoul\u00eame","robots":{"index":"index","follow":"follow","max-snippet":"max-snippet:-1","max-image-preview":"max-image-preview:large","max-video-preview":"max-video-preview:-1"},"canonical":"https:\/\/www.poledance-angouleme.fr\/en\/le-planning-de-juillet-est-en-ligne\/","og_locale":"en_US","og_type":"article","og_title":"Le planning de juillet est en ligne ! - Vertical Fit - Pole dance \u00e0 Angoul\u00eame","og_description":"L&rsquo;\u00e9cole sera ouverte tout l&rsquo;\u00e9t\u00e9 avec des am\u00e9nagements d&rsquo;horaires ! Le planning de juillet a \u00e9t\u00e9 mis en ligne ! Je serai en vacances du 10 juillet au 7 ao\u00fbt ! Pendant ce temps, Oc\u00e9ane vous concocte un programme aux petits oignons !A mon retour, vos cartes en cours de validit\u00e9 au 10\/07 seront prolong\u00e9es [&hellip;]","og_url":"https:\/\/www.poledance-angouleme.fr\/en\/le-planning-de-juillet-est-en-ligne\/","og_site_name":"Vertical Fit - Pole dance \u00e0 Angoul\u00eame","article_published_time":"2022-06-29T08:59:44+00:00","article_modified_time":"2022-06-29T08:59:46+00:00","author":"verticalfit","twitter_misc":{"Written by":"verticalfit","Est. reading time":"1 minute"},"schema":{"@context":"https:\/\/schema.org","@graph":[{"@type":"Article","@id":"https:\/\/www.poledance-angouleme.fr\/le-planning-de-juillet-est-en-ligne\/#article","isPartOf":{"@id":"https:\/\/www.poledance-angouleme.fr\/le-planning-de-juillet-est-en-ligne\/"},"author":{"name":"verticalfit","@id":"https:\/\/www.poledance-angouleme.fr\/#\/schema\/person\/6385d72cc6722a20201db2cece51f5a2"},"headline":"Le planning de juillet est en ligne !","datePublished":"2022-06-29T08:59:44+00:00","dateModified":"2022-06-29T08:59:46+00:00","mainEntityOfPage":{"@id":"https:\/\/www.poledance-angouleme.fr\/le-planning-de-juillet-est-en-ligne\/"},"wordCount":113,"publisher":{"@id":"https:\/\/www.poledance-angouleme.fr\/#organization"},"articleSection":["Non class\u00e9"],"inLanguage":"en-US"},{"@type":"WebPage","@id":"https:\/\/www.poledance-angouleme.fr\/le-planning-de-juillet-est-en-ligne\/","url":"https:\/\/www.poledance-angouleme.fr\/le-planning-de-juillet-est-en-ligne\/","name":"Le planning de juillet est en ligne ! - Vertical Fit - Pole dance \u00e0 Angoul\u00eame","isPartOf":{"@id":"https:\/\/www.poledance-angouleme.fr\/#website"},"datePublished":"2022-06-29T08:59:44+00:00","dateModified":"2022-06-29T08:59:46+00:00","breadcrumb":{"@id":"https:\/\/www.poledance-angouleme.fr\/le-planning-de-juillet-est-en-ligne\/#breadcrumb"},"inLanguage":"en-US","potentialAction":[{"@type":"ReadAction","target":["https:\/\/www.poledance-angouleme.fr\/le-planning-de-juillet-est-en-ligne\/"]}]},{"@type":"BreadcrumbList","@id":"https:\/\/www.poledance-angouleme.fr\/le-planning-de-juillet-est-en-ligne\/#breadcrumb","itemListElement":[{"@type":"ListItem","position":1,"name":"Accueil","item":"https:\/\/www.poledance-angouleme.fr\/"},{"@type":"ListItem","position":2,"name":"Le planning de juillet est en ligne !"}]},{"@type":"WebSite","@id":"https:\/\/www.poledance-angouleme.fr\/#website","url":"https:\/\/www.poledance-angouleme.fr\/","name":"Vertical Fit - Pole dance \u00e0 Angoul\u00eame","description":"Pole dance et pole fitness \u00e0 Angoul\u00eame en Charente","publisher":{"@id":"https:\/\/www.poledance-angouleme.fr\/#organization"},"potentialAction":[{"@type":"SearchAction","target":{"@type":"EntryPoint","urlTemplate":"https:\/\/www.poledance-angouleme.fr\/?s={search_term_string}"},"query-input":"required name=search_term_string"}],"inLanguage":"en-US"},{"@type":"Organization","@id":"https:\/\/www.poledance-angouleme.fr\/#organization","name":"Vertical Fit - Pole dance \u00e0 Angoul\u00eame","url":"https:\/\/www.poledance-angouleme.fr\/","logo":{"@type":"ImageObject","inLanguage":"en-US","@id":"https:\/\/www.poledance-angouleme.fr\/#\/schema\/logo\/image\/","url":"https:\/\/www.poledance-angouleme.fr\/wp-content\/uploads\/2018\/05\/cropped-logolong-verticalfit-poledance-stjunien.png","contentUrl":"https:\/\/www.poledance-angouleme.fr\/wp-content\/uploads\/2018\/05\/cropped-logolong-verticalfit-poledance-stjunien.png","width":364,"height":75,"caption":"Vertical Fit - Pole dance \u00e0 Angoul\u00eame"},"image":{"@id":"https:\/\/www.poledance-angouleme.fr\/#\/schema\/logo\/image\/"}},{"@type":"Person","@id":"https:\/\/www.poledance-angouleme.fr\/#\/schema\/person\/6385d72cc6722a20201db2cece51f5a2","name":"verticalfit","image":{"@type":"ImageObject","inLanguage":"en-US","@id":"https:\/\/www.poledance-angouleme.fr\/#\/schema\/person\/image\/","url":"https:\/\/secure.gravatar.com\/avatar\/53ebb03732a24132f7489349b11c2b98?s=96&d=mm&r=g","contentUrl":"https:\/\/secure.gravatar.com\/avatar\/53ebb03732a24132f7489349b11c2b98?s=96&d=mm&r=g","caption":"verticalfit"},"url":"https:\/\/www.poledance-angouleme.fr\/en\/author\/verticalfit\/"}]}},"_links":{"self":[{"href":"https:\/\/www.poledance-angouleme.fr\/en\/wp-json\/wp\/v2\/posts\/849"}],"collection":[{"href":"https:\/\/www.poledance-angouleme.fr\/en\/wp-json\/wp\/v2\/posts"}],"about":[{"href":"https:\/\/www.poledance-angouleme.fr\/en\/wp-json\/wp\/v2\/types\/post"}],"author":[{"embeddable":true,"href":"https:\/\/www.poledance-angouleme.fr\/en\/wp-json\/wp\/v2\/users\/1"}],"replies":[{"embeddable":true,"href":"https:\/\/www.poledance-angouleme.fr\/en\/wp-json\/wp\/v2\/comments?post=849"}],"version-history":[{"count":1,"href":"https:\/\/www.poledance-angouleme.fr\/en\/wp-json\/wp\/v2\/posts\/849\/revisions"}],"predecessor-version":[{"id":850,"href":"https:\/\/www.poledance-angouleme.fr\/en\/wp-json\/wp\/v2\/posts\/849\/revisions\/850"}],"wp:attachment":[{"href":"https:\/\/www.poledance-angouleme.fr\/en\/wp-json\/wp\/v2\/media?parent=849"}],"wp:term":[{"taxonomy":"category","embeddable":true,"href":"https:\/\/www.poledance-angouleme.fr\/en\/wp-json\/wp\/v2\/categories?post=849"},{"taxonomy":"post_tag","embeddable":true,"href":"https:\/\/www.poledance-angouleme.fr\/en\/wp-json\/wp\/v2\/tags?post=849"}],"curies":[{"name":"wp","href":"https:\/\/api.w.org\/{rel}","templated":true}]}}